{"id":2773,"date":"2016-05-07T16:20:39","date_gmt":"2016-05-07T13:20:39","guid":{"rendered":"http:\/\/www.yourguideintransylvania.com\/ro\/?p=2773"},"modified":"2021-02-26T09:12:57","modified_gmt":"2021-02-26T07:12:57","slug":"despre-reforma-protestanta-transilvania","status":"publish","type":"post","link":"https:\/\/www.yourguideintransylvania.com\/ro\/diverse-ro\/despre-reforma-protestanta-transilvania\/","title":{"rendered":"Despre reforma protestanta in randul sasilor din Sighisoara"},"content":{"rendered":"<p>Ini\u0163iatorul Reformei religioase \u00een Germania, a fost Martin Luther (1483- 1546), profesor de teologie la Universitatea din Wittenberg. In octomrie 1517 Luther \u015fi a expus cele 95 de teze privind reformarea bisericii \u00een sensul simplific\u0103rii practicilor religioase, a diminu\u0103rii rolului clerului \u015fi a cre\u015fterii importan\u0163ei Bibliei, \u00een esen\u0163\u0103 el propunea o biseric\u0103 mult mai simpl\u0103, mai pu\u0163in costisitoare, bazat\u0103 pe efortul personal al fiec\u0103rui credincios de a g\u0103si adev\u0103rul prin citirea C\u0103r\u0163ii Sfinte.<\/p>\n<p>In Ungaria \u015fi Transilvania ideile Reformei au \u00eenceput s\u0103 se r\u0103sp\u00e2ndeasc\u0103 ra\u00adpid mai ales dup\u0103 1526 c\u00e2nd, \u00een urma pr\u0103bu\u015firii statului feudal maghiar, disp\u0103ru\u00adse principalul sus\u0163in\u0103tor al religiei oficiale. \u00een mediile germane din Transilvania ideile \u201eeretice\u201d ale lui Luther p\u0103trundeau mai ales prin intermediul numero\u015filor studen\u0163i sa\u015fi care reveneau din Germania. \u00eentr-o prim\u0103 etap\u0103 au avut loc discu\u0163ii religioase aprinse \u00een toate mediile sociale, ideile reformatoare fiind bine primite mai ales de c\u0103tre or\u0103\u015fenii sa\u015fi, care au \u00eentrev\u0103zut de la bun \u00eenceput avantajele unei biserici na\u0163ionale, independent\u0103 de Roma.<\/p>\n<p>La Sighi\u015foara, cu prilejul unor lucr\u0103ri de restaurare efectuate \u00een Biserica M\u0103n\u0103stirii \u00een 1859 s-a g\u0103sit o caset\u0103 zidit\u0103 care con\u0163inea documente din 1529. Din acestea reiese faptul c\u0103 superiorul m\u0103n\u0103stirii \u015fi c\u0103lug\u0103rii erau \u00eengrijora\u0163i de r\u0103sp\u00e2ndirea \u201eereziei\u201d, \u00eentruc\u00e2t or\u0103\u015fenii trecuser\u0103 de partea reformei \u015fi nu mai veneau la slujbele catolice.<\/p>\n<p>\u00een 1538 \u00een timpul lucr\u0103rilor Dietei Transilvaniei care se \u0163ineau la Sighi\u015foa\u00adra, principele Z\u00e2polya a organizat \u015fi prezidat o \u201edisput\u0103 religioas\u0103\u201d desf\u0103\u015furat\u0103 \u00een biserica de la baza Sc\u0103rii Acoperite din Cetate. Grupul catolicilor era condus de episcopul G. Martinuzzi, iar lutheranii erau reprezenta\u0163i de St. Sz\u00e2ntay din Ca\u015fovia. \u201eAcum voi l\u0103sa berbecii s\u0103 se bat\u0103 \u00eentre ei, s\u0103 vedem cine va c\u00e2\u015ftiga \u201d, ar fi spus principele (Schuller 1998, 125). Episcopul de Oradea (Martinuzzi) a cerut moartea lui Sz\u00e2ntay, dar principele a refuzat astfel de m\u0103suri inchizitoriale, p\u0103str\u00e2nd o corect\u0103 echidistan\u0163\u0103.<\/p>\n<div id=\"attachment_2775\" style=\"width: 235px\" class=\"wp-caption alignleft\"><img loading=\"lazy\" decoding=\"async\" aria-describedby=\"caption-attachment-2775\" class=\"size-medium wp-image-2775\" src=\"\/\/www.yourguideintransylvania.com\/wp-content\/uploads\/2016\/05\/Johannes-Honterus-225x300.jpg\" alt=\"Johannes-Honterus\" width=\"225\" height=\"300\" srcset=\"https:\/\/www.yourguideintransylvania.com\/wp-content\/uploads\/2016\/05\/Johannes-Honterus-225x300.jpg 225w, https:\/\/www.yourguideintransylvania.com\/wp-content\/uploads\/2016\/05\/Johannes-Honterus-768x1024.jpg 768w, https:\/\/www.yourguideintransylvania.com\/wp-content\/uploads\/2016\/05\/Johannes-Honterus-1080x1440.jpg 1080w, https:\/\/www.yourguideintransylvania.com\/wp-content\/uploads\/2016\/05\/Johannes-Honterus.jpg 1944w\" sizes=\"(max-width: 225px) 100vw, 225px\" \/><p id=\"caption-attachment-2775\" class=\"wp-caption-text\">Johannes-Honterus<\/p><\/div>\n<p>Bazele Bisericii Evanghelice s\u0103se\u015fti au fost puse de J. Honterus, care \u00een 1542-1543 a publicat \u201eC\u0103rticica Reformei\u201d (\u201eReformationbuchlein\u201d), iar \u00een 1547 a tip\u0103rit \u201eRegulamentul bisericesc al tuturor germanilor din Transilvania\u201d (\u201eKir- chenordnung aller Deutschen in Siebenbiirgen\u201d).<\/p>\n<p>\u00een 1550 Reforma se va proclama drept obligatorie pentru tot teritoriul Uni\u00adversit\u0103\u0163ii S\u0103se\u015fti, iar \u00een 1572 se va accepta \u201eConfesiunea de la Augsburg\u201d \u015fi va lua na\u015ftere \u201eBiserica Evanghelic\u0103 de Confesiune Augustan\u0103 din Transilvania\u201d (\u201eEvangelische Landeskirche A.B. in Siebenbiirgen\u201d) (Zach 2001, 74-75).<\/p>\n<p>\u00eencep\u00e2nd din 1574, \u00een Transilvania, peisajul confesional se modific\u0103 sub\u00adstan\u0163ial. Sunt acum recunoscute oficial patru biserici: biserica catolic\u0103 \u015fi trei bi\u00adserici de esen\u0163\u0103 reformat\u0103 recent ap\u0103rute &#8211; biserica lutheran\u0103, biserica calvin\u0103 \u015fi biserica unitarian\u0103. Biserica ortodox\u0103 r\u0103m\u00e2nea \u00een continuare neoficial\u0103, dar tolerat\u0103.<\/p>\n<p>La Sighi\u015foara primii trei preo\u0163i care au trecut de la catolicism la lutheranism au fost J. Bolkasch, G. Pistoris \u015fi Lukas Roth (Rufus), acesta din urm\u0103 fiind mai bine cunoscut (Schuller 1998, 126). Dup\u0103 1550 averile m\u0103n\u0103stirii domini\u00adcane de la Sighi\u015foara vor trece \u00een proprietatea Sfatului, cea mai mare parte din c\u0103lug\u0103ri va pleca, iar Biserica M\u0103n\u0103stirii va deveni principala biseric\u0103 lutheran\u0103 a ora\u015fului.<\/p>\n\n\t\t<style type=\"text\/css\">\n\t\t\t#gallery-1 {\n\t\t\t\tmargin: auto;\n\t\t\t}\n\t\t\t#gallery-1 .gallery-item {\n\t\t\t\tfloat: left;\n\t\t\t\tmargin-top: 10px;\n\t\t\t\ttext-align: center;\n\t\t\t\twidth: 33%;\n\t\t\t}\n\t\t\t#gallery-1 img {\n\t\t\t\tborder: 2px solid #cfcfcf;\n\t\t\t}\n\t\t\t#gallery-1 .gallery-caption {\n\t\t\t\tmargin-left: 0;\n\t\t\t}\n\t\t\t\/* see gallery_shortcode() in wp-includes\/media.php *\/\n\t\t<\/style>\n\t\t<div id='gallery-1' class='gallery galleryid-2773 gallery-columns-3 gallery-size-thumbnail'><dl class='gallery-item'>\n\t\t\t<dt class='gallery-icon landscape'>\n\t\t\t\t<a href='https:\/\/www.yourguideintransylvania.com\/ro\/diverse-ro\/despre-reforma-protestanta-transilvania\/attachment\/martin-luther-2\/'><img loading=\"lazy\" decoding=\"async\" width=\"150\" height=\"150\" src=\"https:\/\/www.yourguideintransylvania.com\/wp-content\/uploads\/2016\/05\/Martin-Luther-150x150.jpg\" class=\"attachment-thumbnail size-thumbnail\" alt=\"\" aria-describedby=\"gallery-1-7423\" srcset=\"https:\/\/www.yourguideintransylvania.com\/wp-content\/uploads\/2016\/05\/Martin-Luther-150x150.jpg 150w, https:\/\/www.yourguideintransylvania.com\/wp-content\/uploads\/2016\/05\/Martin-Luther-300x300.jpg 300w, https:\/\/www.yourguideintransylvania.com\/wp-content\/uploads\/2016\/05\/Martin-Luther-768x768.jpg 768w, https:\/\/www.yourguideintransylvania.com\/wp-content\/uploads\/2016\/05\/Martin-Luther-1024x1024.jpg 1024w, https:\/\/www.yourguideintransylvania.com\/wp-content\/uploads\/2016\/05\/Martin-Luther-1080x1080.jpg 1080w, https:\/\/www.yourguideintransylvania.com\/wp-content\/uploads\/2016\/05\/Martin-Luther.jpg 1200w\" sizes=\"(max-width: 150px) 100vw, 150px\" \/><\/a>\n\t\t\t<\/dt>\n\t\t\t\t<dd class='wp-caption-text gallery-caption' id='gallery-1-7423'>\n\t\t\t\tMartin Luther\n\t\t\t\t<\/dd><\/dl><dl class='gallery-item'>\n\t\t\t<dt class='gallery-icon portrait'>\n\t\t\t\t<a href='https:\/\/www.yourguideintransylvania.com\/ro\/diverse-ro\/despre-reforma-protestanta-transilvania\/attachment\/johannes-honterus-2\/'><img loading=\"lazy\" decoding=\"async\" width=\"150\" height=\"150\" src=\"https:\/\/www.yourguideintransylvania.com\/wp-content\/uploads\/2016\/05\/Johannes-Honterus-150x150.jpg\" class=\"attachment-thumbnail size-thumbnail\" alt=\"\" aria-describedby=\"gallery-1-7422\" \/><\/a>\n\t\t\t<\/dt>\n\t\t\t\t<dd class='wp-caption-text gallery-caption' id='gallery-1-7422'>\n\t\t\t\tJohannes-Honterus\n\t\t\t\t<\/dd><\/dl>\n\t\t\t<br style='clear: both' \/>\n\t\t<\/div>\n\n","protected":false},"excerpt":{"rendered":"<p>Ini\u0163iatorul Reformei religioase \u00een Germania, a fost Martin Luther (1483- 1546), profesor de teologie la Universitatea din Wittenberg. In octomrie 1517 Luther \u015fi a expus cele 95 de teze privind reformarea bisericii \u00een sensul simplific\u0103rii practicilor religioase, a diminu\u0103rii rolului clerului \u015fi a cre\u015fterii importan\u0163ei Bibliei, \u00een esen\u0163\u0103 el propunea o biseric\u0103 mult mai simpl\u0103, [&hellip;]<\/p>\n","protected":false},"author":3,"featured_media":2776,"comment_status":"open","ping_status":"open","sticky":false,"template":"","format":"standard","meta":{"_et_pb_use_builder":"","_et_pb_old_content":"","_et_gb_content_width":"","footnotes":""},"categories":[25],"tags":[64,63,3],"class_list":["post-2773","post","type-post","status-publish","format-standard","has-post-thumbnail","hentry","category-diverse-ro","tag-matrtin-luther","tag-reforma-protestanta","tag-sighisoara"],"yoast_head":"<!-- This site is optimized with the Yoast SEO plugin v27.5 - https:\/\/yoast.com\/product\/yoast-seo-wordpress\/ -->\n<title>Despre reforma protestanta in randul sasilor din Sighisoara<\/title>\n<meta name=\"description\" content=\"In Ungaria \u015fi Transilvania ideile Reformei au \u00eenceput s\u0103 se r\u0103sp\u00e2ndeasc\u0103 ra\u00adpid mai ales dup\u0103 1526 c\u00e2nd, \u00een urma pr\u0103bu\u015firii statului feudal maghiar, disp\u0103ru\u00adse principalul sus\u0163in\u0103tor al religiei oficiale. \u00een mediile germane din Transilvania ideile \u201eeretice\u201d ale lui Luther p\u0103trundeau mai ales prin intermediul numero\u015filor studen\u0163i sa\u015fi care reveneau din Germania.\" \/>\n<meta name=\"robots\" content=\"index, follow, max-snippet:-1, max-image-preview:large, max-video-preview:-1\" \/>\n<link rel=\"canonical\" href=\"https:\/\/www.yourguideintransylvania.com\/ro\/diverse-ro\/despre-reforma-protestanta-transilvania\/\" \/>\n<meta property=\"og:locale\" content=\"ro_RO\" \/>\n<meta property=\"og:type\" content=\"article\" \/>\n<meta property=\"og:title\" content=\"Despre reforma protestanta in randul sasilor din Sighisoara\" \/>\n<meta property=\"og:description\" content=\"In Ungaria \u015fi Transilvania ideile Reformei au \u00eenceput s\u0103 se r\u0103sp\u00e2ndeasc\u0103 ra\u00adpid mai ales dup\u0103 1526 c\u00e2nd, \u00een urma pr\u0103bu\u015firii statului feudal maghiar, disp\u0103ru\u00adse principalul sus\u0163in\u0103tor al religiei oficiale. \u00een mediile germane din Transilvania ideile \u201eeretice\u201d ale lui Luther p\u0103trundeau mai ales prin intermediul numero\u015filor studen\u0163i sa\u015fi care reveneau din Germania.\" \/>\n<meta property=\"og:url\" content=\"https:\/\/www.yourguideintransylvania.com\/ro\/diverse-ro\/despre-reforma-protestanta-transilvania\/\" \/>\n<meta property=\"og:site_name\" content=\"Your Guide in Transylvania\" \/>\n<meta property=\"article:publisher\" content=\"https:\/\/www.facebook.com\/yourguideintransylvania\" \/>\n<meta property=\"article:published_time\" content=\"2016-05-07T13:20:39+00:00\" \/>\n<meta property=\"article:modified_time\" content=\"2021-02-26T07:12:57+00:00\" \/>\n<meta property=\"og:image\" content=\"https:\/\/www.yourguideintransylvania.com\/wp-content\/uploads\/2016\/05\/Martin-Luther.jpg\" \/>\n\t<meta property=\"og:image:width\" content=\"1200\" \/>\n\t<meta property=\"og:image:height\" content=\"1200\" \/>\n\t<meta property=\"og:image:type\" content=\"image\/jpeg\" \/>\n<meta name=\"author\" content=\"Emanuel Enache\" \/>\n<meta name=\"twitter:label1\" content=\"Scris de\" \/>\n\t<meta name=\"twitter:data1\" content=\"Emanuel Enache\" \/>\n\t<meta name=\"twitter:label2\" content=\"Timp estimat pentru citire\" \/>\n\t<meta name=\"twitter:data2\" content=\"3 minute\" \/>\n<script type=\"application\/ld+json\" class=\"yoast-schema-graph\">{\"@context\":\"https:\\\/\\\/schema.org\",\"@graph\":[{\"@type\":\"Article\",\"@id\":\"https:\\\/\\\/www.yourguideintransylvania.com\\\/ro\\\/diverse-ro\\\/despre-reforma-protestanta-transilvania\\\/#article\",\"isPartOf\":{\"@id\":\"https:\\\/\\\/www.yourguideintransylvania.com\\\/ro\\\/diverse-ro\\\/despre-reforma-protestanta-transilvania\\\/\"},\"author\":{\"name\":\"Emanuel Enache\",\"@id\":\"https:\\\/\\\/www.yourguideintransylvania.com\\\/#\\\/schema\\\/person\\\/4dfdc9589b56a5d5096bd351a1f39129\"},\"headline\":\"Despre reforma protestanta in randul sasilor din Sighisoara\",\"datePublished\":\"2016-05-07T13:20:39+00:00\",\"dateModified\":\"2021-02-26T07:12:57+00:00\",\"mainEntityOfPage\":{\"@id\":\"https:\\\/\\\/www.yourguideintransylvania.com\\\/ro\\\/diverse-ro\\\/despre-reforma-protestanta-transilvania\\\/\"},\"wordCount\":579,\"commentCount\":0,\"publisher\":{\"@id\":\"https:\\\/\\\/www.yourguideintransylvania.com\\\/#organization\"},\"image\":{\"@id\":\"https:\\\/\\\/www.yourguideintransylvania.com\\\/ro\\\/diverse-ro\\\/despre-reforma-protestanta-transilvania\\\/#primaryimage\"},\"thumbnailUrl\":\"https:\\\/\\\/www.yourguideintransylvania.com\\\/wp-content\\\/uploads\\\/2016\\\/05\\\/Martin-Luther.jpg\",\"keywords\":[\"Matrtin Luther\",\"reforma protestanta\",\"Sighisoara\"],\"articleSection\":[\"Diverse @ro\"],\"inLanguage\":\"ro-RO\"},{\"@type\":\"WebPage\",\"@id\":\"https:\\\/\\\/www.yourguideintransylvania.com\\\/ro\\\/diverse-ro\\\/despre-reforma-protestanta-transilvania\\\/\",\"url\":\"https:\\\/\\\/www.yourguideintransylvania.com\\\/ro\\\/diverse-ro\\\/despre-reforma-protestanta-transilvania\\\/\",\"name\":\"Despre reforma protestanta in randul sasilor din Sighisoara\",\"isPartOf\":{\"@id\":\"https:\\\/\\\/www.yourguideintransylvania.com\\\/#website\"},\"primaryImageOfPage\":{\"@id\":\"https:\\\/\\\/www.yourguideintransylvania.com\\\/ro\\\/diverse-ro\\\/despre-reforma-protestanta-transilvania\\\/#primaryimage\"},\"image\":{\"@id\":\"https:\\\/\\\/www.yourguideintransylvania.com\\\/ro\\\/diverse-ro\\\/despre-reforma-protestanta-transilvania\\\/#primaryimage\"},\"thumbnailUrl\":\"https:\\\/\\\/www.yourguideintransylvania.com\\\/wp-content\\\/uploads\\\/2016\\\/05\\\/Martin-Luther.jpg\",\"datePublished\":\"2016-05-07T13:20:39+00:00\",\"dateModified\":\"2021-02-26T07:12:57+00:00\",\"description\":\"In Ungaria \u015fi Transilvania ideile Reformei au \u00eenceput s\u0103 se r\u0103sp\u00e2ndeasc\u0103 ra\u00adpid mai ales dup\u0103 1526 c\u00e2nd, \u00een urma pr\u0103bu\u015firii statului feudal maghiar, disp\u0103ru\u00adse principalul sus\u0163in\u0103tor al religiei oficiale. \u00een mediile germane din Transilvania ideile \u201eeretice\u201d ale lui Luther p\u0103trundeau mai ales prin intermediul numero\u015filor studen\u0163i sa\u015fi care reveneau din Germania.\",\"breadcrumb\":{\"@id\":\"https:\\\/\\\/www.yourguideintransylvania.com\\\/ro\\\/diverse-ro\\\/despre-reforma-protestanta-transilvania\\\/#breadcrumb\"},\"inLanguage\":\"ro-RO\",\"potentialAction\":[{\"@type\":\"ReadAction\",\"target\":[\"https:\\\/\\\/www.yourguideintransylvania.com\\\/ro\\\/diverse-ro\\\/despre-reforma-protestanta-transilvania\\\/\"]}]},{\"@type\":\"ImageObject\",\"inLanguage\":\"ro-RO\",\"@id\":\"https:\\\/\\\/www.yourguideintransylvania.com\\\/ro\\\/diverse-ro\\\/despre-reforma-protestanta-transilvania\\\/#primaryimage\",\"url\":\"https:\\\/\\\/www.yourguideintransylvania.com\\\/wp-content\\\/uploads\\\/2016\\\/05\\\/Martin-Luther.jpg\",\"contentUrl\":\"https:\\\/\\\/www.yourguideintransylvania.com\\\/wp-content\\\/uploads\\\/2016\\\/05\\\/Martin-Luther.jpg\",\"width\":1200,\"height\":1200,\"caption\":\"Martin Luther\"},{\"@type\":\"BreadcrumbList\",\"@id\":\"https:\\\/\\\/www.yourguideintransylvania.com\\\/ro\\\/diverse-ro\\\/despre-reforma-protestanta-transilvania\\\/#breadcrumb\",\"itemListElement\":[{\"@type\":\"ListItem\",\"position\":1,\"name\":\"Home\",\"item\":\"https:\\\/\\\/www.yourguideintransylvania.com\\\/ro\\\/\"},{\"@type\":\"ListItem\",\"position\":2,\"name\":\"Despre reforma protestanta in randul sasilor din Sighisoara\"}]},{\"@type\":\"WebSite\",\"@id\":\"https:\\\/\\\/www.yourguideintransylvania.com\\\/#website\",\"url\":\"https:\\\/\\\/www.yourguideintransylvania.com\\\/\",\"name\":\"Your Guide in Transylvania\",\"description\":\"Transylvania Tour Guide | Transylvania Tours\",\"publisher\":{\"@id\":\"https:\\\/\\\/www.yourguideintransylvania.com\\\/#organization\"},\"potentialAction\":[{\"@type\":\"SearchAction\",\"target\":{\"@type\":\"EntryPoint\",\"urlTemplate\":\"https:\\\/\\\/www.yourguideintransylvania.com\\\/?s={search_term_string}\"},\"query-input\":{\"@type\":\"PropertyValueSpecification\",\"valueRequired\":true,\"valueName\":\"search_term_string\"}}],\"inLanguage\":\"ro-RO\"},{\"@type\":\"Organization\",\"@id\":\"https:\\\/\\\/www.yourguideintransylvania.com\\\/#organization\",\"name\":\"Your Guide in Transylvania\",\"url\":\"https:\\\/\\\/www.yourguideintransylvania.com\\\/\",\"logo\":{\"@type\":\"ImageObject\",\"inLanguage\":\"ro-RO\",\"@id\":\"https:\\\/\\\/www.yourguideintransylvania.com\\\/#\\\/schema\\\/logo\\\/image\\\/\",\"url\":\"https:\\\/\\\/www.yourguideintransylvania.com\\\/wp-content\\\/uploads\\\/2020\\\/01\\\/cropped-Your-Guide-in-Transylvania-Logo-png-1.png\",\"contentUrl\":\"https:\\\/\\\/www.yourguideintransylvania.com\\\/wp-content\\\/uploads\\\/2020\\\/01\\\/cropped-Your-Guide-in-Transylvania-Logo-png-1.png\",\"width\":512,\"height\":512,\"caption\":\"Your Guide in Transylvania\"},\"image\":{\"@id\":\"https:\\\/\\\/www.yourguideintransylvania.com\\\/#\\\/schema\\\/logo\\\/image\\\/\"},\"sameAs\":[\"https:\\\/\\\/www.facebook.com\\\/yourguideintransylvania\",\"https:\\\/\\\/x.com\\\/YGTransylvania\",\"https:\\\/\\\/www.instagram.com\\\/yourguideintransylvania\\\/\",\"https:\\\/\\\/www.linkedin.com\\\/company-beta\\\/4833467\\\/\",\"https:\\\/\\\/www.youtube.com\\\/channel\\\/UCTKRXdiLMMLx4QG94RxuHNQ\"]},{\"@type\":\"Person\",\"@id\":\"https:\\\/\\\/www.yourguideintransylvania.com\\\/#\\\/schema\\\/person\\\/4dfdc9589b56a5d5096bd351a1f39129\",\"name\":\"Emanuel Enache\",\"image\":{\"@type\":\"ImageObject\",\"inLanguage\":\"ro-RO\",\"@id\":\"https:\\\/\\\/secure.gravatar.com\\\/avatar\\\/c19a684cd02d009b506e5dc740bfc09fcc5bf8a0dd05148605e5210d565fb069?s=96&d=mm&r=g\",\"url\":\"https:\\\/\\\/secure.gravatar.com\\\/avatar\\\/c19a684cd02d009b506e5dc740bfc09fcc5bf8a0dd05148605e5210d565fb069?s=96&d=mm&r=g\",\"contentUrl\":\"https:\\\/\\\/secure.gravatar.com\\\/avatar\\\/c19a684cd02d009b506e5dc740bfc09fcc5bf8a0dd05148605e5210d565fb069?s=96&d=mm&r=g\",\"caption\":\"Emanuel Enache\"},\"url\":\"https:\\\/\\\/www.yourguideintransylvania.com\\\/ro\\\/author\\\/emanuelenache\\\/\"}]}<\/script>\n<!-- \/ Yoast SEO plugin. -->","yoast_head_json":{"title":"Despre reforma protestanta in randul sasilor din Sighisoara","description":"In Ungaria \u015fi Transilvania ideile Reformei au \u00eenceput s\u0103 se r\u0103sp\u00e2ndeasc\u0103 ra\u00adpid mai ales dup\u0103 1526 c\u00e2nd, \u00een urma pr\u0103bu\u015firii statului feudal maghiar, disp\u0103ru\u00adse principalul sus\u0163in\u0103tor al religiei oficiale. \u00een mediile germane din Transilvania ideile \u201eeretice\u201d ale lui Luther p\u0103trundeau mai ales prin intermediul numero\u015filor studen\u0163i sa\u015fi care reveneau din Germania.","robots":{"index":"index","follow":"follow","max-snippet":"max-snippet:-1","max-image-preview":"max-image-preview:large","max-video-preview":"max-video-preview:-1"},"canonical":"https:\/\/www.yourguideintransylvania.com\/ro\/diverse-ro\/despre-reforma-protestanta-transilvania\/","og_locale":"ro_RO","og_type":"article","og_title":"Despre reforma protestanta in randul sasilor din Sighisoara","og_description":"In Ungaria \u015fi Transilvania ideile Reformei au \u00eenceput s\u0103 se r\u0103sp\u00e2ndeasc\u0103 ra\u00adpid mai ales dup\u0103 1526 c\u00e2nd, \u00een urma pr\u0103bu\u015firii statului feudal maghiar, disp\u0103ru\u00adse principalul sus\u0163in\u0103tor al religiei oficiale. \u00een mediile germane din Transilvania ideile \u201eeretice\u201d ale lui Luther p\u0103trundeau mai ales prin intermediul numero\u015filor studen\u0163i sa\u015fi care reveneau din Germania.","og_url":"https:\/\/www.yourguideintransylvania.com\/ro\/diverse-ro\/despre-reforma-protestanta-transilvania\/","og_site_name":"Your Guide in Transylvania","article_publisher":"https:\/\/www.facebook.com\/yourguideintransylvania","article_published_time":"2016-05-07T13:20:39+00:00","article_modified_time":"2021-02-26T07:12:57+00:00","og_image":[{"width":1200,"height":1200,"url":"https:\/\/www.yourguideintransylvania.com\/wp-content\/uploads\/2016\/05\/Martin-Luther.jpg","type":"image\/jpeg"}],"author":"Emanuel Enache","twitter_misc":{"Scris de":"Emanuel Enache","Timp estimat pentru citire":"3 minute"},"schema":{"@context":"https:\/\/schema.org","@graph":[{"@type":"Article","@id":"https:\/\/www.yourguideintransylvania.com\/ro\/diverse-ro\/despre-reforma-protestanta-transilvania\/#article","isPartOf":{"@id":"https:\/\/www.yourguideintransylvania.com\/ro\/diverse-ro\/despre-reforma-protestanta-transilvania\/"},"author":{"name":"Emanuel Enache","@id":"https:\/\/www.yourguideintransylvania.com\/#\/schema\/person\/4dfdc9589b56a5d5096bd351a1f39129"},"headline":"Despre reforma protestanta in randul sasilor din Sighisoara","datePublished":"2016-05-07T13:20:39+00:00","dateModified":"2021-02-26T07:12:57+00:00","mainEntityOfPage":{"@id":"https:\/\/www.yourguideintransylvania.com\/ro\/diverse-ro\/despre-reforma-protestanta-transilvania\/"},"wordCount":579,"commentCount":0,"publisher":{"@id":"https:\/\/www.yourguideintransylvania.com\/#organization"},"image":{"@id":"https:\/\/www.yourguideintransylvania.com\/ro\/diverse-ro\/despre-reforma-protestanta-transilvania\/#primaryimage"},"thumbnailUrl":"https:\/\/www.yourguideintransylvania.com\/wp-content\/uploads\/2016\/05\/Martin-Luther.jpg","keywords":["Matrtin Luther","reforma protestanta","Sighisoara"],"articleSection":["Diverse @ro"],"inLanguage":"ro-RO"},{"@type":"WebPage","@id":"https:\/\/www.yourguideintransylvania.com\/ro\/diverse-ro\/despre-reforma-protestanta-transilvania\/","url":"https:\/\/www.yourguideintransylvania.com\/ro\/diverse-ro\/despre-reforma-protestanta-transilvania\/","name":"Despre reforma protestanta in randul sasilor din Sighisoara","isPartOf":{"@id":"https:\/\/www.yourguideintransylvania.com\/#website"},"primaryImageOfPage":{"@id":"https:\/\/www.yourguideintransylvania.com\/ro\/diverse-ro\/despre-reforma-protestanta-transilvania\/#primaryimage"},"image":{"@id":"https:\/\/www.yourguideintransylvania.com\/ro\/diverse-ro\/despre-reforma-protestanta-transilvania\/#primaryimage"},"thumbnailUrl":"https:\/\/www.yourguideintransylvania.com\/wp-content\/uploads\/2016\/05\/Martin-Luther.jpg","datePublished":"2016-05-07T13:20:39+00:00","dateModified":"2021-02-26T07:12:57+00:00","description":"In Ungaria \u015fi Transilvania ideile Reformei au \u00eenceput s\u0103 se r\u0103sp\u00e2ndeasc\u0103 ra\u00adpid mai ales dup\u0103 1526 c\u00e2nd, \u00een urma pr\u0103bu\u015firii statului feudal maghiar, disp\u0103ru\u00adse principalul sus\u0163in\u0103tor al religiei oficiale. \u00een mediile germane din Transilvania ideile \u201eeretice\u201d ale lui Luther p\u0103trundeau mai ales prin intermediul numero\u015filor studen\u0163i sa\u015fi care reveneau din Germania.","breadcrumb":{"@id":"https:\/\/www.yourguideintransylvania.com\/ro\/diverse-ro\/despre-reforma-protestanta-transilvania\/#breadcrumb"},"inLanguage":"ro-RO","potentialAction":[{"@type":"ReadAction","target":["https:\/\/www.yourguideintransylvania.com\/ro\/diverse-ro\/despre-reforma-protestanta-transilvania\/"]}]},{"@type":"ImageObject","inLanguage":"ro-RO","@id":"https:\/\/www.yourguideintransylvania.com\/ro\/diverse-ro\/despre-reforma-protestanta-transilvania\/#primaryimage","url":"https:\/\/www.yourguideintransylvania.com\/wp-content\/uploads\/2016\/05\/Martin-Luther.jpg","contentUrl":"https:\/\/www.yourguideintransylvania.com\/wp-content\/uploads\/2016\/05\/Martin-Luther.jpg","width":1200,"height":1200,"caption":"Martin Luther"},{"@type":"BreadcrumbList","@id":"https:\/\/www.yourguideintransylvania.com\/ro\/diverse-ro\/despre-reforma-protestanta-transilvania\/#breadcrumb","itemListElement":[{"@type":"ListItem","position":1,"name":"Home","item":"https:\/\/www.yourguideintransylvania.com\/ro\/"},{"@type":"ListItem","position":2,"name":"Despre reforma protestanta in randul sasilor din Sighisoara"}]},{"@type":"WebSite","@id":"https:\/\/www.yourguideintransylvania.com\/#website","url":"https:\/\/www.yourguideintransylvania.com\/","name":"Your Guide in Transylvania","description":"Transylvania Tour Guide | Transylvania Tours","publisher":{"@id":"https:\/\/www.yourguideintransylvania.com\/#organization"},"potentialAction":[{"@type":"SearchAction","target":{"@type":"EntryPoint","urlTemplate":"https:\/\/www.yourguideintransylvania.com\/?s={search_term_string}"},"query-input":{"@type":"PropertyValueSpecification","valueRequired":true,"valueName":"search_term_string"}}],"inLanguage":"ro-RO"},{"@type":"Organization","@id":"https:\/\/www.yourguideintransylvania.com\/#organization","name":"Your Guide in Transylvania","url":"https:\/\/www.yourguideintransylvania.com\/","logo":{"@type":"ImageObject","inLanguage":"ro-RO","@id":"https:\/\/www.yourguideintransylvania.com\/#\/schema\/logo\/image\/","url":"https:\/\/www.yourguideintransylvania.com\/wp-content\/uploads\/2020\/01\/cropped-Your-Guide-in-Transylvania-Logo-png-1.png","contentUrl":"https:\/\/www.yourguideintransylvania.com\/wp-content\/uploads\/2020\/01\/cropped-Your-Guide-in-Transylvania-Logo-png-1.png","width":512,"height":512,"caption":"Your Guide in Transylvania"},"image":{"@id":"https:\/\/www.yourguideintransylvania.com\/#\/schema\/logo\/image\/"},"sameAs":["https:\/\/www.facebook.com\/yourguideintransylvania","https:\/\/x.com\/YGTransylvania","https:\/\/www.instagram.com\/yourguideintransylvania\/","https:\/\/www.linkedin.com\/company-beta\/4833467\/","https:\/\/www.youtube.com\/channel\/UCTKRXdiLMMLx4QG94RxuHNQ"]},{"@type":"Person","@id":"https:\/\/www.yourguideintransylvania.com\/#\/schema\/person\/4dfdc9589b56a5d5096bd351a1f39129","name":"Emanuel Enache","image":{"@type":"ImageObject","inLanguage":"ro-RO","@id":"https:\/\/secure.gravatar.com\/avatar\/c19a684cd02d009b506e5dc740bfc09fcc5bf8a0dd05148605e5210d565fb069?s=96&d=mm&r=g","url":"https:\/\/secure.gravatar.com\/avatar\/c19a684cd02d009b506e5dc740bfc09fcc5bf8a0dd05148605e5210d565fb069?s=96&d=mm&r=g","contentUrl":"https:\/\/secure.gravatar.com\/avatar\/c19a684cd02d009b506e5dc740bfc09fcc5bf8a0dd05148605e5210d565fb069?s=96&d=mm&r=g","caption":"Emanuel Enache"},"url":"https:\/\/www.yourguideintransylvania.com\/ro\/author\/emanuelenache\/"}]}},"_links":{"self":[{"href":"https:\/\/www.yourguideintransylvania.com\/ro\/wp-json\/wp\/v2\/posts\/2773","targetHints":{"allow":["GET"]}}],"collection":[{"href":"https:\/\/www.yourguideintransylvania.com\/ro\/wp-json\/wp\/v2\/posts"}],"about":[{"href":"https:\/\/www.yourguideintransylvania.com\/ro\/wp-json\/wp\/v2\/types\/post"}],"author":[{"embeddable":true,"href":"https:\/\/www.yourguideintransylvania.com\/ro\/wp-json\/wp\/v2\/users\/3"}],"replies":[{"embeddable":true,"href":"https:\/\/www.yourguideintransylvania.com\/ro\/wp-json\/wp\/v2\/comments?post=2773"}],"version-history":[{"count":6,"href":"https:\/\/www.yourguideintransylvania.com\/ro\/wp-json\/wp\/v2\/posts\/2773\/revisions"}],"predecessor-version":[{"id":6129,"href":"https:\/\/www.yourguideintransylvania.com\/ro\/wp-json\/wp\/v2\/posts\/2773\/revisions\/6129"}],"wp:featuredmedia":[{"embeddable":true,"href":"https:\/\/www.yourguideintransylvania.com\/ro\/wp-json\/wp\/v2\/media\/2776"}],"wp:attachment":[{"href":"https:\/\/www.yourguideintransylvania.com\/ro\/wp-json\/wp\/v2\/media?parent=2773"}],"wp:term":[{"taxonomy":"category","embeddable":true,"href":"https:\/\/www.yourguideintransylvania.com\/ro\/wp-json\/wp\/v2\/categories?post=2773"},{"taxonomy":"post_tag","embeddable":true,"href":"https:\/\/www.yourguideintransylvania.com\/ro\/wp-json\/wp\/v2\/tags?post=2773"}],"curies":[{"name":"wp","href":"https:\/\/api.w.org\/{rel}","templated":true}]}}